{"id":813,"date":"2023-12-05T15:18:13","date_gmt":"2023-12-05T15:18:13","guid":{"rendered":"https:\/\/www.chasseursdetalents.fr\/?p=813"},"modified":"2023-12-07T16:40:03","modified_gmt":"2023-12-07T16:40:03","slug":"lile-saint-denis-une-directeur-trice-de-la-ville-educative-h-f","status":"publish","type":"post","link":"https:\/\/www.chasseursdetalents.fr\/index.php\/2023\/12\/05\/lile-saint-denis-une-directeur-trice-de-la-ville-educative-h-f\/","title":{"rendered":"UN(E) DIRECTEUR\/TRICE DE LA VILLE \u00c9DUCATIVE (H\/F)"},"content":{"rendered":"\n<h3 class=\"wp-block-heading\"><strong>Objectifs du poste<\/strong><\/h3>\n\n\n\n<p>Sous l\u2019autorit\u00e9 du.de la Directeur.trice G\u00e9n\u00e9ral.e des services, le.la Directeur.trice de la Ville \u00c9ducative met en \u0153uvre le projet de mandat (volets politiques publiques et projet d\u2019administration) en organisant la mise \u00e0 disposition des ressources n\u00e9cessaires aux services et aux usagers.\u00e8res afin d\u2019assurer un service public de qualit\u00e9.<\/p>\n\n\n\n<p>Interlocuteur.trice de premier niveau des \u00e9lu.es, des partenaires de l\u2019action municipale, des services de l\u2019Etat et des autres collectivit\u00e9s territoriales, il.elle d\u00e9veloppe avec ceux-ci les relations et les projets n\u00e9cessaires \u00e0 la mise en \u0153uvre des politiques municipales, en recherchant la coordination et la compl\u00e9mentarit\u00e9 des actions<\/p>\n\n\n\n<p>Il.Elle pilote la mise en \u0153uvre des orientations strat\u00e9giques, au regard du projet politique d\u00e9fini par les \u00e9lu.es<\/p>\n\n\n\n<p>Le.La Directeur.trice de la Ville \u00c9ducative est charg\u00e9.e de structurer un dialogue de gestion interne en lien avec les autres Directions<\/p>\n\n\n\n<p>Il.Elle est membre du Comit\u00e9 de Direction et participe aux instances de gouvernance et pilotage s\u2019y rapportant. Il.Elle anime le collectif de la Direction de la Ville \u00c9ducative compos\u00e9 de trois services : Enfance (p\u00e9riscolaire et extrascolaire), Vie Scolaire (entretien, relation avec les \u00e9coles) et Restauration.<\/p>\n\n\n\n<p>Nous tenons \u00e0 votre disposition le PEDT sur simple demande \u00e0\u00a0<a href=\"https:\/\/www.chasseursdetalents.fr\/index.php\/offre-directeur-de-la-ville-educative-lile-saint-denis\/imane@chasseursdetalents.fr\">imane@chasseursdetalents.fr\u00a0<\/a><\/p>\n\n\n\n<p><a>DOMAINES D&rsquo;INTERVENTION<\/a><\/p>\n\n\n\n<ul class=\"wp-block-list\">\n<li>Affaires scolaires<\/li>\n\n\n\n<li>Restauration scolaire<\/li>\n\n\n\n<li>Accueils p\u00e9riscolaire et extrascolaire<\/li>\n<\/ul>\n\n\n\n<p><a>RESPONSABILIT\u00c9S<\/a><\/p>\n\n\n\n<p>Membre du collectif de direction, responsable des politiques sectorielles pilot\u00e9es par la Direction de la Ville \u00c9ducative<\/p>\n\n\n\n<p><a>COMP\u00c9TENCES ATTENDUES<\/a><\/p>\n\n\n\n<ol class=\"wp-block-list\">\n<li>Comp\u00e9tences g\u00e9n\u00e9rales<\/li>\n<\/ol>\n\n\n\n<p>Management strat\u00e9gique : savoir d\u00e9cider, impulser et accompagner le changement, entra\u00eener l\u2019adh\u00e9sion, savoir identifier les risques, appr\u00e9hender les situations et environnements complexes Management d\u2019\u00e9quipe : qualit\u00e9s de management de haut niveau des \u00e9quipes pluridisciplinaires \u00e0 fort plan de charge, mobiliser et animer des \u00e9quipes de professionnel.les disposant de comp\u00e9tences et qualifications diversifi\u00e9es, travailler en \u00e9quipe de direction<\/p>\n\n\n\n<p>Comp\u00e9tences organisationnelles : \u00eatre rigoureux.euse, savoir travailler en transversalit\u00e9<\/p>\n\n\n\n<p>Aptitudes personnelles et relationnelles : disposer de bonnes capacit\u00e9s d\u2019analyse et de synth\u00e8se, faire preuve de r\u00e9activit\u00e9, \u00eatre force de proposition, avoir de bonnes capacit\u00e9s d\u2019\u00e9coute, disposer d\u2019une bonne aisance relationnelle<\/p>\n\n\n\n<p>Ma\u00eetriser les techniques de n\u00e9gociation et de communication<\/p>\n\n\n\n<p>2.Comp\u00e9tences techniques<\/p>\n\n\n\n<ul class=\"wp-block-list\">\n<li>Bonne connaissance des Collectivit\u00e9s territoriales et du statut de la Fonction Publique Territoriale<\/li>\n\n\n\n<li>Exp\u00e9rience de direction sur l\u2019un des domaines d\u2019intervention de la Direction<\/li>\n\n\n\n<li>Ma\u00eetrise d\u2019au moins un de ces domaines d\u2019intervention<\/li>\n\n\n\n<li>Connaissance des autres domaines d\u2019intervention<\/li>\n<\/ul>\n\n\n\n<p><a>FONCTIONS DU POSTE<\/a><\/p>\n\n\n\n<p><strong>Participer \u00e0 la d\u00e9finition du projet global de la collectivit\u00e9 et \u00e0 sa strat\u00e9gie de mise en \u0153uvre, en particulier dans son secteur de d\u00e9l\u00e9gation<\/strong><\/p>\n\n\n\n<ul class=\"wp-block-list\">\n<li>D\u00e9terminer et garantir, dans un dialogue de gestion ouvert sur les autres Directions, le niveau de service n\u00e9cessaire \u00e0 la r\u00e9alisation des objectifs du mandat par les services municipaux.<\/li>\n\n\n\n<li>Assister et accompagner les \u00e9lu.es dans la mise en \u0153uvre du projet municipal<\/li>\n\n\n\n<li>Participer, aux c\u00f4t\u00e9s du.de la DGS, \u00e0 la d\u00e9finition des orientations financi\u00e8res et strat\u00e9giques dans les domaines de la vie scolaire, de l\u2019enfance, de la jeunesse, du sport et de la culture.<\/li>\n\n\n\n<li>Pilotage de projets dans ces domaine<\/li>\n\n\n\n<li>Pilotage de projets sp\u00e9cifiques confi\u00e9s par le.la DGS<\/li>\n\n\n\n<li>Participation aux projets transversaux port\u00e9s par les services de la Direction, co-\u00e9laboration des programmes de construction et de r\u00e9habilitation des \u00e9tablissements scolaires et d\u2019accueil de loisirs<\/li>\n\n\n\n<li>D\u00e9veloppement et consolidation des partenariats<\/li>\n\n\n\n<li>Pilotage des moyens allou\u00e9s et recherche de financements<\/li>\n\n\n\n<li>\u00c9valuation des projets confi\u00e9s<\/li>\n\n\n\n<li>Mise en place de dispositifs favorisant la participation des habitants<\/li>\n<\/ul>\n\n\n\n<p><strong>Participer au collectif de direction<\/strong><\/p>\n\n\n\n<ul class=\"wp-block-list\">\n<li>Participer \u00e0 la r\u00e9flexion strat\u00e9gique sur le fonctionnement et l\u2019\u00e9volution de la collectivit\u00e9.<\/li>\n\n\n\n<li>Contribuer \u00e0 l\u2019animation et au d\u00e9veloppement de l\u2019organisation de l\u2019administration et de son projet manag\u00e9rial.<\/li>\n\n\n\n<li>D\u00e9velopper, dans son secteur de d\u00e9l\u00e9gation, une d\u00e9marche de conseil, de transversalit\u00e9 et de prospective.<\/li>\n\n\n\n<li>Assurer le pilotage des dossiers complexes et la mise en \u0153uvre des r\u00e9formes ou projets structurants<\/li>\n<\/ul>\n\n\n\n<p><strong>Piloter les services de la direction<\/strong><\/p>\n\n\n\n<ul class=\"wp-block-list\">\n<li>Encadrer et organiser les services de la direction :<\/li>\n\n\n\n<li>Enfance (p\u00e9riscolaire et extrascolaire)<\/li>\n\n\n\n<li>Vie Scolaire (entretien, relation avec les \u00e9coles)<\/li>\n\n\n\n<li>Restauration<\/li>\n\n\n\n<li>G\u00e9rer les ressources humaines et financi\u00e8res, \u00e9laborer le projet de direction<\/li>\n\n\n\n<li>Animer et d\u00e9velopper les partenariats des diff\u00e9rents champs d\u2019action de la direction<\/li>\n\n\n\n<li>D\u00e9velopper une fonction d\u2019appui et de conseil aupr\u00e8s des diff\u00e9rents services et des diff\u00e9rents partenaires de la collectivit\u00e9<\/li>\n\n\n\n<li>Garantir le respect des r\u00e8gles de confidentialit\u00e9, d\u2019\u00e9thique et de d\u00e9ontologie<\/li>\n<\/ul>\n\n\n\n<p><a>CONDITIONS<\/a><\/p>\n\n\n\n<p><strong>Niveau de recrutement<\/strong><\/p>\n\n\n\n<p>Cadre d\u2019emploi des Attach\u00e9s territoriaux Directeur.trice G\u00e9n\u00e9ral.e des Services<\/p>\n\n\n\n<p><strong>Rattachement hi\u00e9rarchique<\/strong><\/p>\n\n\n\n<p>Directeur.trice G\u00e9n\u00e9ral.e des Services<\/p>\n\n\n\n<p><strong>Lieu de travail principal<\/strong><\/p>\n\n\n\n<p>Annexe de la Mairie<\/p>\n\n\n\n<p><strong>Amplitude horaire<\/strong><\/p>\n\n\n\n<p>R\u00e9gime de travail des cadres en vigueur<\/p>\n\n\n\n<p><strong>Sp\u00e9cificit\u00e9s li\u00e9es au poste<\/strong><\/p>\n\n\n\n<p>Disponibilit\u00e9s en soir\u00e9e<\/p>\n\n\n\n<p><strong>R\u00e9gime indemnitaire<\/strong><\/p>\n\n\n\n<p>Responsabilit\u00e9s : Directeur.trice<\/p>\n\n\n\n<p><a>CONTACT<\/a><\/p>\n\n\n\n<p><strong>Imane RIZQ<\/strong><\/p>\n\n\n\n<p>Consultante en recrutement<\/p>\n\n\n\n<p><a href=\"tel:0695284932\" target=\"_blank\" rel=\"noreferrer noopener\">06 95 28 49 32<\/a><\/p>\n\n\n\n<p><a href=\"https:\/\/www.chasseursdetalents.fr\/index.php\/offre-directeur-de-la-ville-educative-lile-saint-denis\/imane@chasseursdetalents.fr\" target=\"_blank\" rel=\"noreferrer noopener\">imane@chasseursdetalents.fr<\/a><\/p>\n","protected":false},"excerpt":{"rendered":"<p>Bienvenue \u00e0 L\u2019\u00eele-Saint-Denis !<\/p>\n<p>Entour\u00e9 d\u2019une \u00e9quipe municipale citoyenne, \u00e9cologique et solidaire, le Maire Mohamed GNABALY (vice-pr\u00e9sident de l\u2019Association des maires de France et des pr\u00e9sidents d\u2019intercommunalit\u00e9) pour l\u2019\u00cele-Saint-Denis, commune de 9000 habitants au nord de Paris (\u00e0 l\u2019ouest de Plaine Commune) porte un projet autour de 3 axes forts : l\u2019\u00e9cologie, la solidarit\u00e9, la citoyennet\u00e9. <\/p>\n<p>La ville compte de nombreux projets ambitieux : r\u00e9novation urbaine (NPNRU, r\u00e9novation de 100 % du patrimoine social, OPAH-RU, ZAC) transition\u00e9cologique \u00e0 l\u2019avant garde, mise en \u0153uvre de grands projets structurants (PPI cons\u00e9quent) et la r\u00e9ussite des jeux olympiques et jeux paralympiques (accueil du village olympique et paralympique, festivit\u00e9s internationales). <\/p>\n<p>Avec 100 ha de terre et 77 d\u2019eau territoriale, elle est l\u2019une des 2 seules communes fran\u00e7aises dont la g\u00e9ographie co\u00efncide parfaitement avec une \u00eele fluviale. Son territoriale est un poumon vert inestimable pour la m\u00e9tropole. Sur sa pointe nord, le parc d\u00e9partemental de L\u2019\u00cele-Saint-Denis, class\u00e9 Natura 2000 (23 ha), est un refuge pour la flore et la faune dont des esp\u00e8ces remarquables, comme le Martin-p\u00eacheur d\u2019Europe et la Sterne pierregarin. <\/p>\n<p>L\u2019\u00eele est en pleine transformation avec son \u00e9coquartier fluvial, le village olympique et paralympique, la r\u00e9novation urbaine du grand quartier sud (ANRU), la requalification du centre-ville et l\u2019objectif d\u2019atteindre 50 % d\u2019espaces verts.<\/p>\n<p>Forte de ses 85 nationalit\u00e9s, de plus de 90 associations actives et d\u2019une programmation riche en \u00e9v\u00e8nements, L\u2019\u00cele-Saint-Denis es un village vivant et solidaire. <\/p>\n<p>Cette \u00eele-nature est \u00e9galement une terre historique de l\u2019Economie Sociale et Solidaire (ESS) avec Lil\u2019\u00d4, lieu de d\u00e9monstration d\u2019\u00e9co-activit\u00e9s sur la pointe nord et le PHARES (p\u00f4le d\u2019Hospitalit\u00e9 aux Activit\u00e9s \u00e0 Rayonnement \u00c9cologique et Solidaire) en centre-ville.<\/p>\n","protected":false},"author":1,"featured_media":817,"comment_status":"open","ping_status":"open","sticky":false,"template":"","format":"standard","meta":{"footnotes":""},"categories":[11],"tags":[],"class_list":["post-813","post","type-post","status-publish","format-standard","has-post-thumbnail","hentry","category-offre"],"yoast_head":"<!-- This site is optimized with the Yoast SEO plugin v27.5 - https:\/\/yoast.com\/product\/yoast-seo-wordpress\/ -->\n<title>UN(E) DIRECTEUR\/TRICE DE LA VILLE \u00c9DUCATIVE (H\/F) - Chasseurs de talents<\/title>\n<meta name=\"robots\" content=\"index, follow, max-snippet:-1, max-image-preview:large, max-video-preview:-1\" \/>\n<link rel=\"canonical\" href=\"https:\/\/www.chasseursdetalents.fr\/index.php\/2023\/12\/05\/lile-saint-denis-une-directeur-trice-de-la-ville-educative-h-f\/\" \/>\n<meta property=\"og:locale\" content=\"fr_FR\" \/>\n<meta property=\"og:type\" content=\"article\" \/>\n<meta property=\"og:title\" content=\"UN(E) DIRECTEUR\/TRICE DE LA VILLE \u00c9DUCATIVE (H\/F) - Chasseurs de talents\" \/>\n<meta property=\"og:description\" content=\"Bienvenue \u00e0 L\u2019\u00eele-Saint-Denis ! Entour\u00e9 d\u2019une \u00e9quipe municipale citoyenne, \u00e9cologique et solidaire, le Maire Mohamed GNABALY (vice-pr\u00e9sident de l\u2019Association des maires de France et des pr\u00e9sidents d\u2019intercommunalit\u00e9) pour l\u2019\u00cele-Saint-Denis, commune de 9000 habitants au nord de Paris (\u00e0 l\u2019ouest de Plaine Commune) porte un projet autour de 3 axes forts : l\u2019\u00e9cologie, la solidarit\u00e9, la citoyennet\u00e9.  La ville compte de nombreux projets ambitieux : r\u00e9novation urbaine (NPNRU, r\u00e9novation de 100 % du patrimoine social, OPAH-RU, ZAC) transition\u00e9cologique \u00e0 l\u2019avant garde, mise en \u0153uvre de grands projets structurants (PPI cons\u00e9quent) et la r\u00e9ussite des jeux olympiques et jeux paralympiques (accueil du village olympique et paralympique, festivit\u00e9s internationales).  Avec 100 ha de terre et 77 d\u2019eau territoriale, elle est l\u2019une des 2 seules communes fran\u00e7aises dont la g\u00e9ographie co\u00efncide parfaitement avec une \u00eele fluviale. Son territoriale est un poumon vert inestimable pour la m\u00e9tropole. Sur sa pointe nord, le parc d\u00e9partemental de L\u2019\u00cele-Saint-Denis, class\u00e9 Natura 2000 (23 ha), est un refuge pour la flore et la faune dont des esp\u00e8ces remarquables, comme le Martin-p\u00eacheur d\u2019Europe et la Sterne pierregarin.  L\u2019\u00eele est en pleine transformation avec son \u00e9coquartier fluvial, le village olympique et paralympique, la r\u00e9novation urbaine du grand quartier sud (ANRU), la requalification du centre-ville et l\u2019objectif d\u2019atteindre 50 % d\u2019espaces verts. Forte de ses 85 nationalit\u00e9s, de plus de 90 associations actives et d\u2019une programmation riche en \u00e9v\u00e8nements, L\u2019\u00cele-Saint-Denis es un village vivant et solidaire.  Cette \u00eele-nature est \u00e9galement une terre historique de l\u2019Economie Sociale et Solidaire (ESS) avec Lil\u2019\u00d4, lieu de d\u00e9monstration d\u2019\u00e9co-activit\u00e9s sur la pointe nord et le PHARES (p\u00f4le d\u2019Hospitalit\u00e9 aux Activit\u00e9s \u00e0 Rayonnement \u00c9cologique et Solidaire) en centre-ville.\" \/>\n<meta property=\"og:url\" content=\"https:\/\/www.chasseursdetalents.fr\/index.php\/2023\/12\/05\/lile-saint-denis-une-directeur-trice-de-la-ville-educative-h-f\/\" \/>\n<meta property=\"og:site_name\" content=\"Chasseurs de talents\" \/>\n<meta property=\"article:published_time\" content=\"2023-12-05T15:18:13+00:00\" \/>\n<meta property=\"article:modified_time\" content=\"2023-12-07T16:40:03+00:00\" \/>\n<meta property=\"og:image\" content=\"https:\/\/www.chasseursdetalents.fr\/wp-content\/uploads\/2023\/12\/Design-sans-titre-14.png\" \/>\n\t<meta property=\"og:image:width\" content=\"300\" \/>\n\t<meta property=\"og:image:height\" content=\"100\" \/>\n\t<meta property=\"og:image:type\" content=\"image\/png\" \/>\n<meta name=\"author\" content=\"admin\" \/>\n<meta name=\"twitter:card\" content=\"summary_large_image\" \/>\n<meta name=\"twitter:label1\" content=\"\u00c9crit par\" \/>\n\t<meta name=\"twitter:data1\" content=\"admin\" \/>\n\t<meta name=\"twitter:label2\" content=\"Dur\u00e9e de lecture estim\u00e9e\" \/>\n\t<meta name=\"twitter:data2\" content=\"2 minutes\" \/>\n<script type=\"application\/ld+json\" class=\"yoast-schema-graph\">{\"@context\":\"https:\\\/\\\/schema.org\",\"@graph\":[{\"@type\":\"Article\",\"@id\":\"https:\\\/\\\/www.chasseursdetalents.fr\\\/index.php\\\/2023\\\/12\\\/05\\\/lile-saint-denis-une-directeur-trice-de-la-ville-educative-h-f\\\/#article\",\"isPartOf\":{\"@id\":\"https:\\\/\\\/www.chasseursdetalents.fr\\\/index.php\\\/2023\\\/12\\\/05\\\/lile-saint-denis-une-directeur-trice-de-la-ville-educative-h-f\\\/\"},\"author\":{\"name\":\"admin\",\"@id\":\"https:\\\/\\\/www.chasseursdetalents.fr\\\/#\\\/schema\\\/person\\\/4962265ebab5d22f4665b4d640cdaf80\"},\"headline\":\"UN(E) DIRECTEUR\\\/TRICE DE LA VILLE \u00c9DUCATIVE (H\\\/F)\",\"datePublished\":\"2023-12-05T15:18:13+00:00\",\"dateModified\":\"2023-12-07T16:40:03+00:00\",\"mainEntityOfPage\":{\"@id\":\"https:\\\/\\\/www.chasseursdetalents.fr\\\/index.php\\\/2023\\\/12\\\/05\\\/lile-saint-denis-une-directeur-trice-de-la-ville-educative-h-f\\\/\"},\"wordCount\":877,\"commentCount\":0,\"publisher\":{\"@id\":\"https:\\\/\\\/www.chasseursdetalents.fr\\\/#organization\"},\"image\":{\"@id\":\"https:\\\/\\\/www.chasseursdetalents.fr\\\/index.php\\\/2023\\\/12\\\/05\\\/lile-saint-denis-une-directeur-trice-de-la-ville-educative-h-f\\\/#primaryimage\"},\"thumbnailUrl\":\"https:\\\/\\\/www.chasseursdetalents.fr\\\/wp-content\\\/uploads\\\/2023\\\/12\\\/Design-sans-titre-14.png\",\"articleSection\":[\"Offre\"],\"inLanguage\":\"fr-FR\",\"potentialAction\":[{\"@type\":\"CommentAction\",\"name\":\"Comment\",\"target\":[\"https:\\\/\\\/www.chasseursdetalents.fr\\\/index.php\\\/2023\\\/12\\\/05\\\/lile-saint-denis-une-directeur-trice-de-la-ville-educative-h-f\\\/#respond\"]}]},{\"@type\":\"WebPage\",\"@id\":\"https:\\\/\\\/www.chasseursdetalents.fr\\\/index.php\\\/2023\\\/12\\\/05\\\/lile-saint-denis-une-directeur-trice-de-la-ville-educative-h-f\\\/\",\"url\":\"https:\\\/\\\/www.chasseursdetalents.fr\\\/index.php\\\/2023\\\/12\\\/05\\\/lile-saint-denis-une-directeur-trice-de-la-ville-educative-h-f\\\/\",\"name\":\"UN(E) DIRECTEUR\\\/TRICE DE LA VILLE \u00c9DUCATIVE (H\\\/F) - Chasseurs de talents\",\"isPartOf\":{\"@id\":\"https:\\\/\\\/www.chasseursdetalents.fr\\\/#website\"},\"primaryImageOfPage\":{\"@id\":\"https:\\\/\\\/www.chasseursdetalents.fr\\\/index.php\\\/2023\\\/12\\\/05\\\/lile-saint-denis-une-directeur-trice-de-la-ville-educative-h-f\\\/#primaryimage\"},\"image\":{\"@id\":\"https:\\\/\\\/www.chasseursdetalents.fr\\\/index.php\\\/2023\\\/12\\\/05\\\/lile-saint-denis-une-directeur-trice-de-la-ville-educative-h-f\\\/#primaryimage\"},\"thumbnailUrl\":\"https:\\\/\\\/www.chasseursdetalents.fr\\\/wp-content\\\/uploads\\\/2023\\\/12\\\/Design-sans-titre-14.png\",\"datePublished\":\"2023-12-05T15:18:13+00:00\",\"dateModified\":\"2023-12-07T16:40:03+00:00\",\"breadcrumb\":{\"@id\":\"https:\\\/\\\/www.chasseursdetalents.fr\\\/index.php\\\/2023\\\/12\\\/05\\\/lile-saint-denis-une-directeur-trice-de-la-ville-educative-h-f\\\/#breadcrumb\"},\"inLanguage\":\"fr-FR\",\"potentialAction\":[{\"@type\":\"ReadAction\",\"target\":[\"https:\\\/\\\/www.chasseursdetalents.fr\\\/index.php\\\/2023\\\/12\\\/05\\\/lile-saint-denis-une-directeur-trice-de-la-ville-educative-h-f\\\/\"]}]},{\"@type\":\"ImageObject\",\"inLanguage\":\"fr-FR\",\"@id\":\"https:\\\/\\\/www.chasseursdetalents.fr\\\/index.php\\\/2023\\\/12\\\/05\\\/lile-saint-denis-une-directeur-trice-de-la-ville-educative-h-f\\\/#primaryimage\",\"url\":\"https:\\\/\\\/www.chasseursdetalents.fr\\\/wp-content\\\/uploads\\\/2023\\\/12\\\/Design-sans-titre-14.png\",\"contentUrl\":\"https:\\\/\\\/www.chasseursdetalents.fr\\\/wp-content\\\/uploads\\\/2023\\\/12\\\/Design-sans-titre-14.png\",\"width\":300,\"height\":100},{\"@type\":\"BreadcrumbList\",\"@id\":\"https:\\\/\\\/www.chasseursdetalents.fr\\\/index.php\\\/2023\\\/12\\\/05\\\/lile-saint-denis-une-directeur-trice-de-la-ville-educative-h-f\\\/#breadcrumb\",\"itemListElement\":[{\"@type\":\"ListItem\",\"position\":1,\"name\":\"Accueil\",\"item\":\"https:\\\/\\\/www.chasseursdetalents.fr\\\/\"},{\"@type\":\"ListItem\",\"position\":2,\"name\":\"UN(E) DIRECTEUR\\\/TRICE DE LA VILLE \u00c9DUCATIVE (H\\\/F)\"}]},{\"@type\":\"WebSite\",\"@id\":\"https:\\\/\\\/www.chasseursdetalents.fr\\\/#website\",\"url\":\"https:\\\/\\\/www.chasseursdetalents.fr\\\/\",\"name\":\"Chasseurs de talents\",\"description\":\"Cabinet de recrutement pour cadres dirigeants du secteur public\",\"publisher\":{\"@id\":\"https:\\\/\\\/www.chasseursdetalents.fr\\\/#organization\"},\"potentialAction\":[{\"@type\":\"SearchAction\",\"target\":{\"@type\":\"EntryPoint\",\"urlTemplate\":\"https:\\\/\\\/www.chasseursdetalents.fr\\\/?s={search_term_string}\"},\"query-input\":{\"@type\":\"PropertyValueSpecification\",\"valueRequired\":true,\"valueName\":\"search_term_string\"}}],\"inLanguage\":\"fr-FR\"},{\"@type\":\"Organization\",\"@id\":\"https:\\\/\\\/www.chasseursdetalents.fr\\\/#organization\",\"name\":\"Chasseurs de talents\",\"url\":\"https:\\\/\\\/www.chasseursdetalents.fr\\\/\",\"logo\":{\"@type\":\"ImageObject\",\"inLanguage\":\"fr-FR\",\"@id\":\"https:\\\/\\\/www.chasseursdetalents.fr\\\/#\\\/schema\\\/logo\\\/image\\\/\",\"url\":\"https:\\\/\\\/www.chasseursdetalents.fr\\\/wp-content\\\/uploads\\\/2023\\\/11\\\/Capture_d_ecran_2023-11-17_a_10.40.58-removebg-preview.png\",\"contentUrl\":\"https:\\\/\\\/www.chasseursdetalents.fr\\\/wp-content\\\/uploads\\\/2023\\\/11\\\/Capture_d_ecran_2023-11-17_a_10.40.58-removebg-preview.png\",\"width\":486,\"height\":166,\"caption\":\"Chasseurs de talents\"},\"image\":{\"@id\":\"https:\\\/\\\/www.chasseursdetalents.fr\\\/#\\\/schema\\\/logo\\\/image\\\/\"}},{\"@type\":\"Person\",\"@id\":\"https:\\\/\\\/www.chasseursdetalents.fr\\\/#\\\/schema\\\/person\\\/4962265ebab5d22f4665b4d640cdaf80\",\"name\":\"admin\",\"image\":{\"@type\":\"ImageObject\",\"inLanguage\":\"fr-FR\",\"@id\":\"https:\\\/\\\/secure.gravatar.com\\\/avatar\\\/523351994df17f2f150dcdf205bffa575e3bfc67d7f184171b8b44002cad23c0?s=96&d=mm&r=g\",\"url\":\"https:\\\/\\\/secure.gravatar.com\\\/avatar\\\/523351994df17f2f150dcdf205bffa575e3bfc67d7f184171b8b44002cad23c0?s=96&d=mm&r=g\",\"contentUrl\":\"https:\\\/\\\/secure.gravatar.com\\\/avatar\\\/523351994df17f2f150dcdf205bffa575e3bfc67d7f184171b8b44002cad23c0?s=96&d=mm&r=g\",\"caption\":\"admin\"},\"sameAs\":[\"https:\\\/\\\/www.chasseursdetalents.fr\"],\"url\":\"https:\\\/\\\/www.chasseursdetalents.fr\\\/index.php\\\/author\\\/admin\\\/\"}]}<\/script>\n<!-- \/ Yoast SEO plugin. -->","yoast_head_json":{"title":"UN(E) DIRECTEUR\/TRICE DE LA VILLE \u00c9DUCATIVE (H\/F) - Chasseurs de talents","robots":{"index":"index","follow":"follow","max-snippet":"max-snippet:-1","max-image-preview":"max-image-preview:large","max-video-preview":"max-video-preview:-1"},"canonical":"https:\/\/www.chasseursdetalents.fr\/index.php\/2023\/12\/05\/lile-saint-denis-une-directeur-trice-de-la-ville-educative-h-f\/","og_locale":"fr_FR","og_type":"article","og_title":"UN(E) DIRECTEUR\/TRICE DE LA VILLE \u00c9DUCATIVE (H\/F) - Chasseurs de talents","og_description":"Bienvenue \u00e0 L\u2019\u00eele-Saint-Denis ! Entour\u00e9 d\u2019une \u00e9quipe municipale citoyenne, \u00e9cologique et solidaire, le Maire Mohamed GNABALY (vice-pr\u00e9sident de l\u2019Association des maires de France et des pr\u00e9sidents d\u2019intercommunalit\u00e9) pour l\u2019\u00cele-Saint-Denis, commune de 9000 habitants au nord de Paris (\u00e0 l\u2019ouest de Plaine Commune) porte un projet autour de 3 axes forts : l\u2019\u00e9cologie, la solidarit\u00e9, la citoyennet\u00e9.  La ville compte de nombreux projets ambitieux : r\u00e9novation urbaine (NPNRU, r\u00e9novation de 100 % du patrimoine social, OPAH-RU, ZAC) transition\u00e9cologique \u00e0 l\u2019avant garde, mise en \u0153uvre de grands projets structurants (PPI cons\u00e9quent) et la r\u00e9ussite des jeux olympiques et jeux paralympiques (accueil du village olympique et paralympique, festivit\u00e9s internationales).  Avec 100 ha de terre et 77 d\u2019eau territoriale, elle est l\u2019une des 2 seules communes fran\u00e7aises dont la g\u00e9ographie co\u00efncide parfaitement avec une \u00eele fluviale. Son territoriale est un poumon vert inestimable pour la m\u00e9tropole. Sur sa pointe nord, le parc d\u00e9partemental de L\u2019\u00cele-Saint-Denis, class\u00e9 Natura 2000 (23 ha), est un refuge pour la flore et la faune dont des esp\u00e8ces remarquables, comme le Martin-p\u00eacheur d\u2019Europe et la Sterne pierregarin.  L\u2019\u00eele est en pleine transformation avec son \u00e9coquartier fluvial, le village olympique et paralympique, la r\u00e9novation urbaine du grand quartier sud (ANRU), la requalification du centre-ville et l\u2019objectif d\u2019atteindre 50 % d\u2019espaces verts. Forte de ses 85 nationalit\u00e9s, de plus de 90 associations actives et d\u2019une programmation riche en \u00e9v\u00e8nements, L\u2019\u00cele-Saint-Denis es un village vivant et solidaire.  Cette \u00eele-nature est \u00e9galement une terre historique de l\u2019Economie Sociale et Solidaire (ESS) avec Lil\u2019\u00d4, lieu de d\u00e9monstration d\u2019\u00e9co-activit\u00e9s sur la pointe nord et le PHARES (p\u00f4le d\u2019Hospitalit\u00e9 aux Activit\u00e9s \u00e0 Rayonnement \u00c9cologique et Solidaire) en centre-ville.","og_url":"https:\/\/www.chasseursdetalents.fr\/index.php\/2023\/12\/05\/lile-saint-denis-une-directeur-trice-de-la-ville-educative-h-f\/","og_site_name":"Chasseurs de talents","article_published_time":"2023-12-05T15:18:13+00:00","article_modified_time":"2023-12-07T16:40:03+00:00","og_image":[{"width":300,"height":100,"url":"https:\/\/www.chasseursdetalents.fr\/wp-content\/uploads\/2023\/12\/Design-sans-titre-14.png","type":"image\/png"}],"author":"admin","twitter_card":"summary_large_image","twitter_misc":{"\u00c9crit par":"admin","Dur\u00e9e de lecture estim\u00e9e":"2 minutes"},"schema":{"@context":"https:\/\/schema.org","@graph":[{"@type":"Article","@id":"https:\/\/www.chasseursdetalents.fr\/index.php\/2023\/12\/05\/lile-saint-denis-une-directeur-trice-de-la-ville-educative-h-f\/#article","isPartOf":{"@id":"https:\/\/www.chasseursdetalents.fr\/index.php\/2023\/12\/05\/lile-saint-denis-une-directeur-trice-de-la-ville-educative-h-f\/"},"author":{"name":"admin","@id":"https:\/\/www.chasseursdetalents.fr\/#\/schema\/person\/4962265ebab5d22f4665b4d640cdaf80"},"headline":"UN(E) DIRECTEUR\/TRICE DE LA VILLE \u00c9DUCATIVE (H\/F)","datePublished":"2023-12-05T15:18:13+00:00","dateModified":"2023-12-07T16:40:03+00:00","mainEntityOfPage":{"@id":"https:\/\/www.chasseursdetalents.fr\/index.php\/2023\/12\/05\/lile-saint-denis-une-directeur-trice-de-la-ville-educative-h-f\/"},"wordCount":877,"commentCount":0,"publisher":{"@id":"https:\/\/www.chasseursdetalents.fr\/#organization"},"image":{"@id":"https:\/\/www.chasseursdetalents.fr\/index.php\/2023\/12\/05\/lile-saint-denis-une-directeur-trice-de-la-ville-educative-h-f\/#primaryimage"},"thumbnailUrl":"https:\/\/www.chasseursdetalents.fr\/wp-content\/uploads\/2023\/12\/Design-sans-titre-14.png","articleSection":["Offre"],"inLanguage":"fr-FR","potentialAction":[{"@type":"CommentAction","name":"Comment","target":["https:\/\/www.chasseursdetalents.fr\/index.php\/2023\/12\/05\/lile-saint-denis-une-directeur-trice-de-la-ville-educative-h-f\/#respond"]}]},{"@type":"WebPage","@id":"https:\/\/www.chasseursdetalents.fr\/index.php\/2023\/12\/05\/lile-saint-denis-une-directeur-trice-de-la-ville-educative-h-f\/","url":"https:\/\/www.chasseursdetalents.fr\/index.php\/2023\/12\/05\/lile-saint-denis-une-directeur-trice-de-la-ville-educative-h-f\/","name":"UN(E) DIRECTEUR\/TRICE DE LA VILLE \u00c9DUCATIVE (H\/F) - Chasseurs de talents","isPartOf":{"@id":"https:\/\/www.chasseursdetalents.fr\/#website"},"primaryImageOfPage":{"@id":"https:\/\/www.chasseursdetalents.fr\/index.php\/2023\/12\/05\/lile-saint-denis-une-directeur-trice-de-la-ville-educative-h-f\/#primaryimage"},"image":{"@id":"https:\/\/www.chasseursdetalents.fr\/index.php\/2023\/12\/05\/lile-saint-denis-une-directeur-trice-de-la-ville-educative-h-f\/#primaryimage"},"thumbnailUrl":"https:\/\/www.chasseursdetalents.fr\/wp-content\/uploads\/2023\/12\/Design-sans-titre-14.png","datePublished":"2023-12-05T15:18:13+00:00","dateModified":"2023-12-07T16:40:03+00:00","breadcrumb":{"@id":"https:\/\/www.chasseursdetalents.fr\/index.php\/2023\/12\/05\/lile-saint-denis-une-directeur-trice-de-la-ville-educative-h-f\/#breadcrumb"},"inLanguage":"fr-FR","potentialAction":[{"@type":"ReadAction","target":["https:\/\/www.chasseursdetalents.fr\/index.php\/2023\/12\/05\/lile-saint-denis-une-directeur-trice-de-la-ville-educative-h-f\/"]}]},{"@type":"ImageObject","inLanguage":"fr-FR","@id":"https:\/\/www.chasseursdetalents.fr\/index.php\/2023\/12\/05\/lile-saint-denis-une-directeur-trice-de-la-ville-educative-h-f\/#primaryimage","url":"https:\/\/www.chasseursdetalents.fr\/wp-content\/uploads\/2023\/12\/Design-sans-titre-14.png","contentUrl":"https:\/\/www.chasseursdetalents.fr\/wp-content\/uploads\/2023\/12\/Design-sans-titre-14.png","width":300,"height":100},{"@type":"BreadcrumbList","@id":"https:\/\/www.chasseursdetalents.fr\/index.php\/2023\/12\/05\/lile-saint-denis-une-directeur-trice-de-la-ville-educative-h-f\/#breadcrumb","itemListElement":[{"@type":"ListItem","position":1,"name":"Accueil","item":"https:\/\/www.chasseursdetalents.fr\/"},{"@type":"ListItem","position":2,"name":"UN(E) DIRECTEUR\/TRICE DE LA VILLE \u00c9DUCATIVE (H\/F)"}]},{"@type":"WebSite","@id":"https:\/\/www.chasseursdetalents.fr\/#website","url":"https:\/\/www.chasseursdetalents.fr\/","name":"Chasseurs de talents","description":"Cabinet de recrutement pour cadres dirigeants du secteur public","publisher":{"@id":"https:\/\/www.chasseursdetalents.fr\/#organization"},"potentialAction":[{"@type":"SearchAction","target":{"@type":"EntryPoint","urlTemplate":"https:\/\/www.chasseursdetalents.fr\/?s={search_term_string}"},"query-input":{"@type":"PropertyValueSpecification","valueRequired":true,"valueName":"search_term_string"}}],"inLanguage":"fr-FR"},{"@type":"Organization","@id":"https:\/\/www.chasseursdetalents.fr\/#organization","name":"Chasseurs de talents","url":"https:\/\/www.chasseursdetalents.fr\/","logo":{"@type":"ImageObject","inLanguage":"fr-FR","@id":"https:\/\/www.chasseursdetalents.fr\/#\/schema\/logo\/image\/","url":"https:\/\/www.chasseursdetalents.fr\/wp-content\/uploads\/2023\/11\/Capture_d_ecran_2023-11-17_a_10.40.58-removebg-preview.png","contentUrl":"https:\/\/www.chasseursdetalents.fr\/wp-content\/uploads\/2023\/11\/Capture_d_ecran_2023-11-17_a_10.40.58-removebg-preview.png","width":486,"height":166,"caption":"Chasseurs de talents"},"image":{"@id":"https:\/\/www.chasseursdetalents.fr\/#\/schema\/logo\/image\/"}},{"@type":"Person","@id":"https:\/\/www.chasseursdetalents.fr\/#\/schema\/person\/4962265ebab5d22f4665b4d640cdaf80","name":"admin","image":{"@type":"ImageObject","inLanguage":"fr-FR","@id":"https:\/\/secure.gravatar.com\/avatar\/523351994df17f2f150dcdf205bffa575e3bfc67d7f184171b8b44002cad23c0?s=96&d=mm&r=g","url":"https:\/\/secure.gravatar.com\/avatar\/523351994df17f2f150dcdf205bffa575e3bfc67d7f184171b8b44002cad23c0?s=96&d=mm&r=g","contentUrl":"https:\/\/secure.gravatar.com\/avatar\/523351994df17f2f150dcdf205bffa575e3bfc67d7f184171b8b44002cad23c0?s=96&d=mm&r=g","caption":"admin"},"sameAs":["https:\/\/www.chasseursdetalents.fr"],"url":"https:\/\/www.chasseursdetalents.fr\/index.php\/author\/admin\/"}]}},"_links":{"self":[{"href":"https:\/\/www.chasseursdetalents.fr\/index.php\/wp-json\/wp\/v2\/posts\/813","targetHints":{"allow":["GET"]}}],"collection":[{"href":"https:\/\/www.chasseursdetalents.fr\/index.php\/wp-json\/wp\/v2\/posts"}],"about":[{"href":"https:\/\/www.chasseursdetalents.fr\/index.php\/wp-json\/wp\/v2\/types\/post"}],"author":[{"embeddable":true,"href":"https:\/\/www.chasseursdetalents.fr\/index.php\/wp-json\/wp\/v2\/users\/1"}],"replies":[{"embeddable":true,"href":"https:\/\/www.chasseursdetalents.fr\/index.php\/wp-json\/wp\/v2\/comments?post=813"}],"version-history":[{"count":0,"href":"https:\/\/www.chasseursdetalents.fr\/index.php\/wp-json\/wp\/v2\/posts\/813\/revisions"}],"wp:featuredmedia":[{"embeddable":true,"href":"https:\/\/www.chasseursdetalents.fr\/index.php\/wp-json\/wp\/v2\/media\/817"}],"wp:attachment":[{"href":"https:\/\/www.chasseursdetalents.fr\/index.php\/wp-json\/wp\/v2\/media?parent=813"}],"wp:term":[{"taxonomy":"category","embeddable":true,"href":"https:\/\/www.chasseursdetalents.fr\/index.php\/wp-json\/wp\/v2\/categories?post=813"},{"taxonomy":"post_tag","embeddable":true,"href":"https:\/\/www.chasseursdetalents.fr\/index.php\/wp-json\/wp\/v2\/tags?post=813"}],"curies":[{"name":"wp","href":"https:\/\/api.w.org\/{rel}","templated":true}]}}